{"id":8091,"date":"2020-11-30T11:40:50","date_gmt":"2020-11-30T14:40:50","guid":{"rendered":"https:\/\/raci.org.ar\/?p=8091"},"modified":"2020-11-30T11:40:50","modified_gmt":"2020-11-30T14:40:50","slug":"lanzamos-nuestra-campana-de-fin-de-ano-articularparafortalecer","status":"publish","type":"post","link":"https:\/\/raci.org.ar\/en\/lanzamos-nuestra-campana-de-fin-de-ano-articularparafortalecer\/","title":{"rendered":"\u00a1Lanzamos nuestra campa\u00f1a de fin de a\u00f1o!"},"content":{"rendered":"<p>Desde RACI, hemos decidido lanzar una campa\u00f1a durante todo el mes de diciembre con el objetivo de conectarnos m\u00e1s que nunca.<\/p>\n<p>Los tiempos actuales constituyen un reto fundamental al trabajo en equipo y sabemos que las restricciones producto de la pandemia han impactado en muchas Organizaciones de la Sociedad Civil argentina. Sin embargo, tambi\u00e9n sabemos que el sector social ha tenido una importancia insoslayable para enfrentar la crisis sanitaria y social.<\/p>\n<p>Creemos m\u00e1s que nunca que el trabajo en red constituye una oportunidad \u00fanica para superar los desaf\u00edos que nos ha planteado este a\u00f1o. Es por esas razones que nos hemos propuesto dar visibilidad a la Sociedad Civil haciendo un repaso por todo el monumental trabajo que se ha hecho este a\u00f1o, entendiendo cu\u00e1n importante ha sido para ello estar articulados. Creemos que es fundamental comprender en qu\u00e9 medida hemos podido dar respuesta a las necesidades porque trabajamos en equipo y articulados \u00a1y as\u00ed seguir fomentando la cultura del trabajo en red!<\/p>\n<p>Con los aportes de todos nuestros miembros estaremos creando contenido para compartir en las redes sociales durante todo diciembre para visibilizar el trabajo de las OSC y promover la importancia del trabajo mancomunado.<\/p>\n<p><strong>\u00a1Sociedad Civil, este a\u00f1o tambi\u00e9n activos! <\/strong><\/p>\n<p><strong>\u00a0#ARTICULARparaFORTALECER\u00a0 <\/strong><\/p>","protected":false},"excerpt":{"rendered":"<p>Desde RACI, hemos decidido lanzar una campa\u00f1a durante todo el mes de diciembre con el objetivo de conectarnos m\u00e1s que nunca. Los tiempos actuales constituyen un reto fundamental al trabajo en equipo y sabemos que las restricciones producto de la pandemia han impactado en muchas Organizaciones de la Sociedad Civil argentina. Sin embargo, tambi\u00e9n sabemos [&hellip;]<\/p>\n","protected":false},"author":3,"featured_media":8104,"comment_status":"closed","ping_status":"open","sticky":false,"template":"","format":"standard","meta":{"footnotes":""},"categories":[11],"tags":[],"class_list":["post-8091","post","type-post","status-publish","format-standard","has-post-thumbnail","hentry","category-novedades"],"_links":{"self":[{"href":"https:\/\/raci.org.ar\/en\/wp-json\/wp\/v2\/posts\/8091","targetHints":{"allow":["GET"]}}],"collection":[{"href":"https:\/\/raci.org.ar\/en\/wp-json\/wp\/v2\/posts"}],"about":[{"href":"https:\/\/raci.org.ar\/en\/wp-json\/wp\/v2\/types\/post"}],"author":[{"embeddable":true,"href":"https:\/\/raci.org.ar\/en\/wp-json\/wp\/v2\/users\/3"}],"replies":[{"embeddable":true,"href":"https:\/\/raci.org.ar\/en\/wp-json\/wp\/v2\/comments?post=8091"}],"version-history":[{"count":0,"href":"https:\/\/raci.org.ar\/en\/wp-json\/wp\/v2\/posts\/8091\/revisions"}],"wp:featuredmedia":[{"embeddable":true,"href":"https:\/\/raci.org.ar\/en\/wp-json\/wp\/v2\/media\/8104"}],"wp:attachment":[{"href":"https:\/\/raci.org.ar\/en\/wp-json\/wp\/v2\/media?parent=8091"}],"wp:term":[{"taxonomy":"category","embeddable":true,"href":"https:\/\/raci.org.ar\/en\/wp-json\/wp\/v2\/categories?post=8091"},{"taxonomy":"post_tag","embeddable":true,"href":"https:\/\/raci.org.ar\/en\/wp-json\/wp\/v2\/tags?post=8091"}],"curies":[{"name":"wp","href":"https:\/\/api.w.org\/{rel}","templated":true}]}}