{"id":14938,"date":"2020-11-30T11:50:37","date_gmt":"2020-11-30T14:50:37","guid":{"rendered":"https:\/\/raci.org.ar\/?p=8100"},"modified":"2020-11-30T11:50:37","modified_gmt":"2020-11-30T14:50:37","slug":"naciones-unidas-argentina-y-el-gobierno-argentino-firmaron-el-marco-estrategico-de-cooperacion-para-los-anos-2021-2025","status":"publish","type":"post","link":"https:\/\/raci.org.ar\/en\/naciones-unidas-argentina-y-el-gobierno-argentino-firmaron-el-marco-estrategico-de-cooperacion-para-los-anos-2021-2025\/","title":{"rendered":"Naciones Unidas Argentina y el Gobierno Argentino firmaron el marco estrat\u00e9gico de cooperaci\u00f3n para los a\u00f1os 2021-2025"},"content":{"rendered":"<p>En el mes de noviembre, el ministro de Relaciones Exteriores, Felipe Sol\u00e1, se reuni\u00f3 con Roberto Valent, actual Coordinador Residente del Sistema de Naciones Unidas (SNU) con el objetivo de firmar el Marco Estrat\u00e9gico de Cooperaci\u00f3n para el Desarrollo Sostenible de Naciones Unidas (MECNUD) 2021-2025. Este instrumento representa una gran oportunidad para el pa\u00eds, en tanto manifiesta el apoyo del SNU en el cumplimiento de la Agenda 2030 y los 17 Objetivos de Desarrollo Sostenible.<\/p>\n<p>Este es el tercer Marco Estrat\u00e9gico de Cooperaci\u00f3n entre el Sistema de Naciones Unidas y la Rep\u00fablica Argentina, y es el resultado de un ejercicio de an\u00e1lisis y planificaci\u00f3n colaborativo con distintos sectores: diferentes contrapartes de gobierno,\u00a0 sociedad civil, academia y sector privado, en el que RACI y sus organizaciones miembro, como representantes del tercer sector, tuvieron la oportunidad de contribuir, facilitando un espacio de di\u00e1logo e intercambio.<\/p>\n<p>El MECNUD se enfoca en \u201ccuatro dimensiones principales: Econ\u00f3mica, Social, Ambiental y de Gobernanza, y seis \u00e1reas transversales: Enfoque de Derechos Humanos, Enfoque de G\u00e9nero, No dejar a nadie atr\u00e1s, Territorio, Sostenibilidad ambiental y el impacto del COVID-19.\u201d<\/p>\n<p>Como se mencion\u00f3, este acuerdo representa un gran paso para el fortalecimiento de la cooperaci\u00f3n internacional. En palabras de Roberto Valent, \u201cconsideramos que servir\u00e1 para apoyar a las soluciones y respuestas del pa\u00eds en los \u00e1mbitos econ\u00f3micos, sociales y ambientales\u201d.<\/p>\n<p>Para mayor informaci\u00f3n, visitar: <a href=\"http:\/\/www.onu.org.ar\/naciones-unidas-argentina-y-el-gobierno-argentino-firmaron-el-marco-estrategico-de-cooperacion-para-los-anos-2021-2025\/\">http:\/\/www.onu.org.ar\/naciones-unidas-argentina-y-el-gobierno-argentino-firmaron-el-marco-estrategico-de-cooperacion-para-los-anos-2021-2025\/<\/a>.<\/p>\n<p>&nbsp;<\/p>","protected":false},"excerpt":{"rendered":"<p>En el mes de noviembre, el ministro de Relaciones Exteriores, Felipe Sol\u00e1, se reuni\u00f3 con Roberto Valent, actual Coordinador Residente del Sistema de Naciones Unidas (SNU) con el objetivo de firmar el Marco Estrat\u00e9gico de Cooperaci\u00f3n para el Desarrollo Sostenible de Naciones Unidas (MECNUD) 2021-2025. Este instrumento representa una gran oportunidad para el pa\u00eds, en [&hellip;]<\/p>\n","protected":false},"author":3,"featured_media":8101,"comment_status":"closed","ping_status":"open","sticky":false,"template":"","format":"standard","meta":{"footnotes":""},"categories":[11],"tags":[],"class_list":["post-14938","post","type-post","status-publish","format-standard","has-post-thumbnail","hentry","category-novedades"],"_links":{"self":[{"href":"https:\/\/raci.org.ar\/en\/wp-json\/wp\/v2\/posts\/14938","targetHints":{"allow":["GET"]}}],"collection":[{"href":"https:\/\/raci.org.ar\/en\/wp-json\/wp\/v2\/posts"}],"about":[{"href":"https:\/\/raci.org.ar\/en\/wp-json\/wp\/v2\/types\/post"}],"author":[{"embeddable":true,"href":"https:\/\/raci.org.ar\/en\/wp-json\/wp\/v2\/users\/3"}],"replies":[{"embeddable":true,"href":"https:\/\/raci.org.ar\/en\/wp-json\/wp\/v2\/comments?post=14938"}],"version-history":[{"count":0,"href":"https:\/\/raci.org.ar\/en\/wp-json\/wp\/v2\/posts\/14938\/revisions"}],"wp:featuredmedia":[{"embeddable":true,"href":"https:\/\/raci.org.ar\/en\/wp-json\/wp\/v2\/media\/8101"}],"wp:attachment":[{"href":"https:\/\/raci.org.ar\/en\/wp-json\/wp\/v2\/media?parent=14938"}],"wp:term":[{"taxonomy":"category","embeddable":true,"href":"https:\/\/raci.org.ar\/en\/wp-json\/wp\/v2\/categories?post=14938"},{"taxonomy":"post_tag","embeddable":true,"href":"https:\/\/raci.org.ar\/en\/wp-json\/wp\/v2\/tags?post=14938"}],"curies":[{"name":"wp","href":"https:\/\/api.w.org\/{rel}","templated":true}]}}