{"id":14936,"date":"2020-11-30T11:52:46","date_gmt":"2020-11-30T14:52:46","guid":{"rendered":"https:\/\/raci.org.ar\/?p=8041"},"modified":"2020-11-30T11:52:46","modified_gmt":"2020-11-30T14:52:46","slug":"fondo-de-emergencia-covid-19-america-latina-y-el-caribe","status":"publish","type":"post","link":"https:\/\/raci.org.ar\/en\/fondo-de-emergencia-covid-19-america-latina-y-el-caribe\/","title":{"rendered":"FONDO DE EMERGENCIA COVID 19 \u2013 AM\u00c9RICA LATINA Y EL CARIBE"},"content":{"rendered":"<p style=\"text-align: center;\"><strong>FONDO DE EMERGENCIA COVID 19 \u2013 AM\u00c9RICA LATINA Y EL CARIBE <\/strong><\/p>\n<p style=\"text-align: center;\"><strong>BASES Y CONDICIONES<\/strong><\/p>\n<p>&nbsp;<\/p>\n<p>Innovation for Change LAC Hub (I4C LAC), con el apoyo de Tides Center, lanza el Fondo de Emergencia COVID-19 para Organizaciones de la Sociedad Civil de Latinoam\u00e9rica y el Caribe que quieran incrementar su capacidad y resiliencia para operar y defender el espacio c\u00edvico.<\/p>\n<p>Considerando el fr\u00e1gil contexto en el que las OSC est\u00e1n funcionando debido a la pandemia por COVID-19, el Fondo de Emergencia COVID-19 brindar\u00e1 valiosos recursos financieros para que las OSC puedan continuar con sus misiones.<\/p>\n<p>Con este fin, <a href=\"https:\/\/raci.org.ar\/en\/\">RACI<\/a>, con la colaboraci\u00f3n de J\u00f3venes contra la Violencia (JCV), abre este nuevo llamado a presentar propuestas centradas en los <strong>desaf\u00edos\u00a0 que las OSC, tanto locales, nacionales como regionales, de Am\u00e9rica Latina y el Caribe, est\u00e1n enfrentando a ra\u00edz de la crisis del COVID-19 en alguna de las siguientes \u00e1reas: <\/strong><\/p>\n<ul>\n<li><strong>acceso a la informaci\u00f3n; <\/strong><\/li>\n<li><strong>transparencia y rendici\u00f3n de cuentas en los fondos p\u00fablicos utilizados durante la pandemia; <\/strong><\/li>\n<li><strong>monitoreo de acceso a servicios p\u00fablicos.<\/strong><\/li>\n<\/ul>\n<p>&nbsp;<\/p>\n<p>El monto m\u00e1ximo que el Fondo ofrecer\u00e1 para la implementaci\u00f3n de cada proyecto es de 5.000 d\u00f3lares estadounidenses.<\/p>\n<p>Asimismo, los proyectos, contribuir\u00e1n a proteger el espacio p\u00fablico con iniciativas innovadoras que aborden de manera creativa los desaf\u00edos comunitarios enfrentados durante la pandemia por COVID-19. Los proyectos tambi\u00e9n deber\u00e1n ser sostenibles y \u00a0dejar capacidades instaladas en las OSC.<\/p>\n<p>&nbsp;<\/p>\n<p><strong>\u00bfQui\u00e9nes pueden aplicar?<\/strong><\/p>\n<p>\u00danicamente Organizaciones de la Sociedad Civil sin fines de lucro de Am\u00e9rica Latina y el Caribe pueden aplicar al Fondo de Emergencia COVID-19. El Programa no aceptar\u00e1 propuestas de individuos, empresas o gobiernos.<\/p>\n<p>&nbsp;<\/p>\n<p><strong>\u00bfCu\u00e1l es el plazo de implementaci\u00f3n y cu\u00e1ntos fondos se podr\u00edan aplicar?<\/strong><\/p>\n<p>Los Proyectos no deber\u00e1n extenderse por m\u00e1s de 4 (cuatro) meses y deber\u00e1n culminar antes del 1 de junio de 2021.\u00a0 El Fondo proveer\u00e1 <strong>hasta un m\u00e1ximo de 5.000<\/strong> <strong>d\u00f3lares estadounidenses<\/strong> por proyecto. Se aceptar\u00e1 solo una propuesta por OSC.<\/p>\n<p>Las OSC seleccionadas deber\u00e1n presentar un informe de progreso de mitad de per\u00edodo y un informe final al culminar el proyecto. La provisi\u00f3n de fondos estar\u00e1 sujeta a la aprobaci\u00f3n de estos informes.<\/p>\n<p>&nbsp;<\/p>\n<p><strong>\u00bfQu\u00e9 actividades no ser\u00e1n financiadas?<\/strong><\/p>\n<ul>\n<li>Viajes y alojamiento.<\/li>\n<li>Actividades pol\u00edticas o de proselitismo.<\/li>\n<\/ul>\n<p>&nbsp;<\/p>\n<p><strong>Procedimiento para la solicitud de fondos<\/strong><\/p>\n<p>RACI ser\u00e1 responsable de recibir y evaluar las solicitudes. Para aplicar, las Organizaciones deber\u00e1n seguir los pasos que se indican a continuaci\u00f3n:<\/p>\n<p>1- Descargar y completar la solicitud de la postulaci\u00f3n: \u201c<a href=\"https:\/\/raci.org.ar\/wp-content\/uploads\/2020\/11\/Formulario-01-Fondo-de-Emergencia.docx\">Formulario 01 Fondo de Emergencia COVID-19<\/a>\u201d<\/p>\n<p>2- Adjuntar el \u00abFormulario 01 Fondo de Emergencia COVID-19\u00bb en el siguiente formulario de Google: \u00a0<a href=\"https:\/\/forms.gle\/Fm4ejqBS8FVgATvo6\">https:\/\/forms.gle\/Fm4ejqBS8FVgATvo6<\/a> y completar con la informaci\u00f3n restante.<\/p>\n<p>&nbsp;<\/p>\n<p><strong>La fecha l\u00edmite para enviar la solicitud es el 11 de diciembre de 2020, a las 18 horas (hora de Argentina)<\/strong>. Los proyectos recibidos luego de esta fecha y hora no ser\u00e1n considerados.<\/p>\n<p>Si tienes alguna consulta adicional, por favor escr\u00edbenos a <a href=\"mailto:fondoemergenciaalc@raci.org.ar\">fondoemergenciaalc@raci.org.ar<\/a>.<\/p>\n<p>&nbsp;<\/p>\n<div id=\"gtx-trans\" style=\"position: absolute; left: 516px; top: 168px;\">\n<div class=\"gtx-trans-icon\"><\/div>\n<\/div>","protected":false},"excerpt":{"rendered":"<p>FONDO DE EMERGENCIA COVID 19 \u2013 AM\u00c9RICA LATINA Y EL CARIBE BASES Y CONDICIONES &nbsp; Innovation for Change LAC Hub (I4C LAC), con el apoyo de Tides Center, lanza el Fondo de Emergencia COVID-19 para Organizaciones de la Sociedad Civil de Latinoam\u00e9rica y el Caribe que quieran incrementar su capacidad y resiliencia para operar y [&hellip;]<\/p>\n","protected":false},"author":3,"featured_media":14634,"comment_status":"closed","ping_status":"open","sticky":false,"template":"","format":"standard","meta":{"footnotes":""},"categories":[11],"tags":[],"class_list":["post-14936","post","type-post","status-publish","format-standard","has-post-thumbnail","hentry","category-novedades"],"_links":{"self":[{"href":"https:\/\/raci.org.ar\/en\/wp-json\/wp\/v2\/posts\/14936","targetHints":{"allow":["GET"]}}],"collection":[{"href":"https:\/\/raci.org.ar\/en\/wp-json\/wp\/v2\/posts"}],"about":[{"href":"https:\/\/raci.org.ar\/en\/wp-json\/wp\/v2\/types\/post"}],"author":[{"embeddable":true,"href":"https:\/\/raci.org.ar\/en\/wp-json\/wp\/v2\/users\/3"}],"replies":[{"embeddable":true,"href":"https:\/\/raci.org.ar\/en\/wp-json\/wp\/v2\/comments?post=14936"}],"version-history":[{"count":0,"href":"https:\/\/raci.org.ar\/en\/wp-json\/wp\/v2\/posts\/14936\/revisions"}],"wp:featuredmedia":[{"embeddable":true,"href":"https:\/\/raci.org.ar\/en\/wp-json\/wp\/v2\/media\/14634"}],"wp:attachment":[{"href":"https:\/\/raci.org.ar\/en\/wp-json\/wp\/v2\/media?parent=14936"}],"wp:term":[{"taxonomy":"category","embeddable":true,"href":"https:\/\/raci.org.ar\/en\/wp-json\/wp\/v2\/categories?post=14936"},{"taxonomy":"post_tag","embeddable":true,"href":"https:\/\/raci.org.ar\/en\/wp-json\/wp\/v2\/tags?post=14936"}],"curies":[{"name":"wp","href":"https:\/\/api.w.org\/{rel}","templated":true}]}}